{"id":752,"date":"2020-06-30T14:11:42","date_gmt":"2020-06-30T19:11:42","guid":{"rendered":"https:\/\/live-somos-de-wichita.pantheonsite.io\/en\/?p=752"},"modified":"2020-08-11T08:35:31","modified_gmt":"2020-08-11T13:35:31","slug":"nomar-dance-group","status":"publish","type":"post","link":"https:\/\/somos.wichita.edu\/es\/nomar-dance-group\/","title":{"rendered":"Rio Bravo Supermarket"},"content":{"rendered":"<p>La poblaci\u00f3n latina creci\u00f3 con el cambio de siglo y se concentr\u00f3 en el sur de la ciudad. Multitud de restaurantes y tiendas latinas abrieron en esta parte de la ciudad. Estas incluyeron carnicer\u00edas, peque\u00f1os y medianos supermercados mexicanos, as\u00ed como tiendas como El Mercadito Salvadore\u00f1o, dedicado a la venta de productos centroamericanos y de Am\u00e9rica del Sur. En 2019 la cadena de supermercados R\u00edo Bravo, originaria de Kansas City, abri\u00f3 su primer establecimiento en South Seneca.<\/p>","protected":false},"excerpt":{"rendered":"<p>The turn of the century brought an expansion of the Latino population, that tended to concentrate on South Wichita. A number of Latino restaurants and grocery shops opened their doors in that area of the city. These included carnicer\u00edas (butcher shops), small and medium-size Mexican supermarkets, and small specialty shops catering Central American and South [&hellip;]<\/p>\n","protected":false},"author":4,"featured_media":816,"comment_status":"closed","ping_status":"closed","sticky":false,"template":"","format":"standard","meta":{"_acf_changed":false,"inline_featured_image":false,"footnotes":""},"categories":[42],"tags":[],"class_list":["post-752","post","type-post","status-publish","format-standard","has-post-thumbnail","hentry","category-new-migrations"],"acf":[],"_links":{"self":[{"href":"https:\/\/somos.wichita.edu\/es\/wp-json\/wp\/v2\/posts\/752","targetHints":{"allow":["GET"]}}],"collection":[{"href":"https:\/\/somos.wichita.edu\/es\/wp-json\/wp\/v2\/posts"}],"about":[{"href":"https:\/\/somos.wichita.edu\/es\/wp-json\/wp\/v2\/types\/post"}],"author":[{"embeddable":true,"href":"https:\/\/somos.wichita.edu\/es\/wp-json\/wp\/v2\/users\/4"}],"replies":[{"embeddable":true,"href":"https:\/\/somos.wichita.edu\/es\/wp-json\/wp\/v2\/comments?post=752"}],"version-history":[{"count":2,"href":"https:\/\/somos.wichita.edu\/es\/wp-json\/wp\/v2\/posts\/752\/revisions"}],"predecessor-version":[{"id":866,"href":"https:\/\/somos.wichita.edu\/es\/wp-json\/wp\/v2\/posts\/752\/revisions\/866"}],"wp:featuredmedia":[{"embeddable":true,"href":"https:\/\/somos.wichita.edu\/es\/wp-json\/wp\/v2\/media\/816"}],"wp:attachment":[{"href":"https:\/\/somos.wichita.edu\/es\/wp-json\/wp\/v2\/media?parent=752"}],"wp:term":[{"taxonomy":"category","embeddable":true,"href":"https:\/\/somos.wichita.edu\/es\/wp-json\/wp\/v2\/categories?post=752"},{"taxonomy":"post_tag","embeddable":true,"href":"https:\/\/somos.wichita.edu\/es\/wp-json\/wp\/v2\/tags?post=752"}],"curies":[{"name":"wp","href":"https:\/\/api.w.org\/{rel}","templated":true}]}}